{"id":6507,"date":"2021-11-24T12:22:47","date_gmt":"2021-11-24T15:22:47","guid":{"rendered":"http:\/\/espora13.com.br\/?p=6507"},"modified":"2021-11-24T16:49:03","modified_gmt":"2021-11-24T19:49:03","slug":"atletico-empata-com-palmeiras-e-mantem-vantagem-na-lideranca","status":"publish","type":"post","link":"https:\/\/espora13.com.br\/index.php\/2021\/11\/24\/atletico-empata-com-palmeiras-e-mantem-vantagem-na-lideranca\/","title":{"rendered":"Mais um passo rumo ao t\u00edtulo! Atl\u00e9tico empata com Palmeiras, mant\u00e9m dist\u00e2ncia sobre o Flamengo, e fica mais pr\u00f3ximo do Bicampeonato Brasileiro"},"content":{"rendered":"<p><strong>O Jogo<\/strong><\/p>\n<p>O Atl\u00e9tico foi a campo na \u00faltima ter\u00e7a-feira (23) para enfrentar o Palmeiras, no Allianz Parque. A partida seria v\u00e1lida pela 35\u00aa rodada do Brasileir\u00e3o, mas era o 34\u00ba jogo do Galo no Campeonato, pois o duelo contra o Bahia havia sido adiado.<\/p>\n<p>O Palmeiras entraria em campo com seu time reserva, visando a final da Copa Libertadores, no s\u00e1bado. Mesmo assim, alinhava uma boa equipe em campo, com nomes como Marcos Rocha, Kuscevic, Wesley, Gabriel Menino e Gabriel Ver\u00f3n. Por sua vez, o Atl\u00e9tico tinha as voltas de Nacho Fern\u00e1ndez e Junior Alonso, mas n\u00e3o contaria com Savarino (n\u00e3o relacionado) e, inicialmente, com Mariano e Keno (preservados por quest\u00e3o f\u00edsica).<\/p>\n<figure id=\"attachment_6509\" aria-describedby=\"caption-attachment-6509\" style=\"width: 582px\" class=\"wp-caption aligncenter\"><img loading=\"lazy\" class=\" wp-image-6509\" src=\"https:\/\/espora13.com.br\/wp-content\/uploads\/2021\/11\/51700419807_44de5657eb_k-300x200.jpg\" alt=\"Espora 13 - Atl\u00e9tico - Galo - Atl\u00e9tico-MG - Atl\u00e9tico empata com Palmeiras e mant\u00e9m vantagem na lideran\u00e7a\" width=\"582\" height=\"389\" srcset=\"https:\/\/espora13.com.br\/wp-content\/uploads\/2021\/11\/51700419807_44de5657eb_k-300x200.jpg 300w, https:\/\/espora13.com.br\/wp-content\/uploads\/2021\/11\/51700419807_44de5657eb_k-1024x683.jpg 1024w, https:\/\/espora13.com.br\/wp-content\/uploads\/2021\/11\/51700419807_44de5657eb_k-768x512.jpg 768w, https:\/\/espora13.com.br\/wp-content\/uploads\/2021\/11\/51700419807_44de5657eb_k-1536x1024.jpg 1536w, https:\/\/espora13.com.br\/wp-content\/uploads\/2021\/11\/51700419807_44de5657eb_k-177x118.jpg 177w, https:\/\/espora13.com.br\/wp-content\/uploads\/2021\/11\/51700419807_44de5657eb_k-272x182.jpg 272w, https:\/\/espora13.com.br\/wp-content\/uploads\/2021\/11\/51700419807_44de5657eb_k.jpg 2048w\" sizes=\"(max-width: 582px) 100vw, 582px\" \/><figcaption id=\"caption-attachment-6509\" class=\"wp-caption-text\">Foto: Pedro Souza \/ Atl\u00e9tico<\/figcaption><\/figure>\n<p>Como era de se esperar, o jogo come\u00e7ou &#8220;truncado&#8221;, e seguiu assim por grande parte do primeiro tempo. O Atl\u00e9tico tentava se posicionar de forma mais agressiva, mas n\u00e3o conseguia levar muito perigo, al\u00e9m de deixar espa\u00e7o nas costas da defesa. Por sorte, a zaga conseguia rebater as bolas, e Everson estava atento no gol. O jogo ganhou tons de tens\u00e3o quando os jogadores come\u00e7aram a se estranhar em campo. Diego Costa tentava criar clima favor\u00e1vel ao Atl\u00e9tico, mas via Deyverson equilibrar nas provoca\u00e7\u00f5es. Muitas faltas e encaradas aconteceram, e a arbitragem de Anderson Daronco teve trabalho. Mesmo pegado, o jogo ficou mais intenso, mas o Palmeiras saiu na frente. Gabriel Ver\u00f3n avan\u00e7ou pela direita, e lan\u00e7ou para Wesley dentro da \u00e1rea. Tendo apenas Guga na sua frente, o camisa 11 cortou para dentro e bateu firme, no canto de Everson.<\/p>\n<p>O gol fez o Atl\u00e9tico acordar. Aos trancos e barrancos, come\u00e7ou a se aproximar do ataque. Diego Costa quase marcou um gol de &#8220;puxeta&#8221;, em sobra de escanteio. O Galo continuou em cima, quase sempre pelo lado esquerdo, com a participa\u00e7\u00e3o de Guilherme Arana. E foi dos p\u00e9s de Arana que surgiu a r\u00e1pida resposta Alvinegra. O lateral recebeu passe por infiltra\u00e7\u00e3o na \u00e1rea, chutou firme e viu Jailson defender. No rebote, Zaracho n\u00e3o desperdi\u00e7ou. Empate do Galo em um momento chave do jogo.<\/p>\n<p>Com a entrada de Keno no lugar de Diego Costa, Cuca tentou colocar um Atl\u00e9tico mais propositivo em campo. A ideia, no entanto, n\u00e3o deu t\u00e3o certo, e o Palmeiras voltou melhor. Se n\u00e3o haviam tantas oportunidades claras, os paulistas ganhavam terrenos a cada falta marcada, e recuperavam a bola nos erros de transi\u00e7\u00e3o de seu advers\u00e1rio. Aos 9 minutos, Danilo chutou de fora, a bola desviou na m\u00e3o de Alonso, e o VAR confirmou p\u00eanalti para o Palmeiras. Patrick de Paula foi para a cobran\u00e7a, e Everson salvou! Defesa consciente do arqueiro, mostrando ter estudado os batedores de seu rival. Atl\u00e9tico vivo no jogo. Ou nem tanto. Na cobran\u00e7a de escanteio logo ap\u00f3s o p\u00eanalti, o mesmo Everson falhou ao tentar espalmar a bola, e Deyverson cabeceou para o fundo das redes. Parecia brincadeira de mal gosto, 2 a 1 para o Palmeiras.<\/p>\n<p>Dominado, o Atl\u00e9tico precisava de reagir novamente. Cuca sacou Mariano para a entrada de Guga, e introduziu Vargas no lugar de Jair. Em um esquema t\u00e1tico de 4-2-4, a ideia era atacar a qualquer pre\u00e7o, e tentar salvar ao menos um empate em S\u00e3o Paulo. Agora sim, as altera\u00e7\u00f5es fizeram efeito, e oportunidades come\u00e7aram a aparecer e, 5 minutos ap\u00f3s sofrer o gol do Palmeiras, a partida j\u00e1 estava empatada novamente. Em lance criado pela direita, a bola sobrou na entrada da \u00e1rea para Nathan Silva que, inteligentemente, viu Hulk vindo de tr\u00e1s, e e escorou para o camisa 7, que chutou colocado, no canto de Jailson. Gola\u00e7o do super-her\u00f3i Alvinegro, Galo vivo de novo!<\/p>\n<figure id=\"attachment_6508\" aria-describedby=\"caption-attachment-6508\" style=\"width: 591px\" class=\"wp-caption aligncenter\"><img loading=\"lazy\" class=\" wp-image-6508\" src=\"https:\/\/espora13.com.br\/wp-content\/uploads\/2021\/11\/51701884785_3506361473_o-300x200.jpg\" alt=\"Espora 13 - Atl\u00e9tico - Galo - Atl\u00e9tico-MG - Atl\u00e9tico empata com Palmeiras e mant\u00e9m vantagem na lideran\u00e7a\" width=\"591\" height=\"395\" srcset=\"https:\/\/espora13.com.br\/wp-content\/uploads\/2021\/11\/51701884785_3506361473_o-300x200.jpg 300w, https:\/\/espora13.com.br\/wp-content\/uploads\/2021\/11\/51701884785_3506361473_o-1024x682.jpg 1024w, https:\/\/espora13.com.br\/wp-content\/uploads\/2021\/11\/51701884785_3506361473_o-1536x1023.jpg 1536w, https:\/\/espora13.com.br\/wp-content\/uploads\/2021\/11\/51701884785_3506361473_o-177x118.jpg 177w, https:\/\/espora13.com.br\/wp-content\/uploads\/2021\/11\/51701884785_3506361473_o-272x182.jpg 272w\" sizes=\"(max-width: 591px) 100vw, 591px\" \/><figcaption id=\"caption-attachment-6508\" class=\"wp-caption-text\">Foto: Pedro Souza \/ Atl\u00e9tico<\/figcaption><\/figure>\n<p>O gol trouxe esperan\u00e7a para o Atl\u00e9tico, que finalmente conseguiu traduzir sua maior posse de bola em superioridade, e voltou a ter a bola no campo de ataque. Hulk acertou a trave em cabeceio dentro da \u00e1rea. Vargas ajudava na cria\u00e7\u00e3o, e Keno come\u00e7ava a levar perigo, ora pelo lado esquerdo, ora pelo lado direito. S\u00f3 que a estrat\u00e9gia ofensiva tem seus &#8220;pr\u00f3s&#8221; e &#8220;contras&#8221;, e um &#8220;contra&#8221; \u00e9 deixar espa\u00e7os atr\u00e1s. E foi se aproveitando desses espa\u00e7os que o Palmeiras perdeu chance incr\u00edvel, quando Victor Lu\u00eds apareceu sozinho na pequena \u00e1rea, mas n\u00e3o conseguiu completar cruzamento vindo da direita. Ap\u00f3s o susto, o Atl\u00e9tico seguiu melhor, mas n\u00e3o conseguiu furar a defesa alviverde. 2 a 2 no placar final.<\/p>\n<p>Embora n\u00e3o exista mais a oportunidade de ser campe\u00e3o brasileiro no domingo, contra o Fluminense, o Galo n\u00e3o perdeu sua regularidade. Enfrentou uma boa equipe reserva do Palmeiras, n\u00e3o fez a melhor das exibi\u00e7\u00f5es, mas conseguiu &#8220;salvar&#8221; 1 ponto importante. Como o Flamengo empatou com o Gr\u00eamio, o Atl\u00e9tico manteve a vantagem de 8 pontos, faltando agora 4 rodadas para o fim do Brasileir\u00e3o. \u00c9 necess\u00e1rio manter o foco, e buscar a qualquer custo a vit\u00f3ria diante do Fluminense. Em um campeonato de pontos corridos, o Atl\u00e9tico tem feito excelente gest\u00e3o de pontos at\u00e9 aqui, mas \u00e9 hora de dar n\u00fameros finais ao Campeonato.<\/p>\n<p><strong>Ficha T\u00e9cnica<\/strong><\/p>\n<p><strong>PALMEIRAS<\/strong><b> 2 X 2 ATL\u00c9TICO<\/b><br \/>\n<b>Data:<\/b> 23 de Novembro de 2021, \u00e0s 21h30 (Bras\u00edlia);<br \/>\n<b>Local:<\/b> Allianz Parque, em S\u00e3o Paulo-SP<br \/>\n<b>\u00c1rbitro:<\/b> Anderson Daronco (RS)<br \/>\n<b>Assistentes:<\/b> Rafael da Silva Alves e Michael Stanislau (RS)<br \/>\n<b>VAR:<\/b> Jean Pierre Gon\u00e7alves Lima (RS)<\/p>\n<p><b>Gols: <\/b>Wesley (27&#8217;\/1\u00baT), Zaracho (36&#8217;\/1\u00baT), Deyverson (11&#8217;\/2\u00baT) e Hulk (16&#8217;\/2\u00baT)<br \/>\n<b>Cart\u00f5es Amarelos: <\/b>Marcos Rocha, Renan, Gabriel Menino e Deyverson (PAL) Diego Costa, J\u00fanior Alonso e Nacho (CAM)<\/p>\n<p><b>PALMEIRAS: <\/b>Jailson; Marcos Rocha, Kuscevic, Renan e Jorge (Victor Luis, aos 28&#8217;\/2\u00baT); Danilo Barbosa, Gabriel Menino (Matheus Fernandes, aos 28&#8217;\/2\u00baT) e Patrick de Paula; Gabriel Veron (Breno Lopes, aos 28&#8217;\/2\u00baT), Wesley (Willian, aos 32&#8217;\/2\u00baT) e Deyverson. <strong>T\u00e9cnico:<\/strong> Jo\u00e3o Martins.<\/p>\n<p><b>ATL\u00c9TICO: <\/b>Everson; Guga (Mariano, aos 15&#8217;\/2\u00baT), Nathan Silva, Junior Alonso e Guilherme Arana; Jair (Eduardo Vargas, aos 15&#8217;\/2\u00baT), Allan, e Zaracho (Sasha, aos 43&#8217;\/2\u00baT); Nacho (Tch\u00ea Tch\u00ea, aos 28&#8217;\/2\u00baT), Hulk e Diego Costa (Keno). <strong>T\u00e9cnico:<\/strong> Cuca.<\/p>\n<p>&nbsp;<\/p>\n<p><strong>Para mais informa\u00e7\u00f5es do Atl\u00e9tico, siga o Espora 13 nas redes sociais:<\/strong><\/p>\n<p><a href=\"https:\/\/twitter.com\/Espora13\">Clica e Siga no Twitter<\/a><\/p>\n<p><a href=\"https:\/\/www.facebook.com\/espora13oficial\">Clica e Siga no\u00a0Facebook<\/a><\/p>\n<p><a href=\"https:\/\/www.instagram.com\/espora13\/\">Clica e Siga no Instagram<\/a><\/p>\n<p><a href=\"https:\/\/www.twitch.tv\/espora13\">Clica e Siga na Twitch<\/a><\/p>\n<p><a href=\"https:\/\/open.spotify.com\/user\/5ljo01qd7to5rzprw8tpdkwg6?si=IJ9LRCfKTQGzLaiI_pSo4w\">Clica e Siga no Spotify<\/a><\/p>\n<p><a href=\"https:\/\/vm.tiktok.com\/ZMJWsH9ua\/\">Clica e Siga no Tik Tok<\/a><\/p>\n<p><a href=\"https:\/\/www.youtube.com\/tvespora13\">Inscreva-se no canal do youtube TV Espora 13<\/a><\/p>\n<p><strong>ESPORADA NELES GALOOOOOOOOOOOOOOOOOOOO!!!!<\/strong><\/p>\n<p>&nbsp;<\/p>\n","protected":false},"excerpt":{"rendered":"<p>O Jogo O Atl\u00e9tico foi a campo na \u00faltima ter\u00e7a-feira (23) para enfrentar o Palmeiras, no Allianz Parque. A partida<\/p>\n","protected":false},"author":14,"featured_media":6508,"comment_status":"open","ping_status":"open","sticky":false,"template":"","format":"standard","meta":[],"categories":[75],"tags":[126],"_links":{"self":[{"href":"https:\/\/espora13.com.br\/index.php\/wp-json\/wp\/v2\/posts\/6507"}],"collection":[{"href":"https:\/\/espora13.com.br\/index.php\/wp-json\/wp\/v2\/posts"}],"about":[{"href":"https:\/\/espora13.com.br\/index.php\/wp-json\/wp\/v2\/types\/post"}],"author":[{"embeddable":true,"href":"https:\/\/espora13.com.br\/index.php\/wp-json\/wp\/v2\/users\/14"}],"replies":[{"embeddable":true,"href":"https:\/\/espora13.com.br\/index.php\/wp-json\/wp\/v2\/comments?post=6507"}],"version-history":[{"count":4,"href":"https:\/\/espora13.com.br\/index.php\/wp-json\/wp\/v2\/posts\/6507\/revisions"}],"predecessor-version":[{"id":6513,"href":"https:\/\/espora13.com.br\/index.php\/wp-json\/wp\/v2\/posts\/6507\/revisions\/6513"}],"wp:featuredmedia":[{"embeddable":true,"href":"https:\/\/espora13.com.br\/index.php\/wp-json\/wp\/v2\/media\/6508"}],"wp:attachment":[{"href":"https:\/\/espora13.com.br\/index.php\/wp-json\/wp\/v2\/media?parent=6507"}],"wp:term":[{"taxonomy":"category","embeddable":true,"href":"https:\/\/espora13.com.br\/index.php\/wp-json\/wp\/v2\/categories?post=6507"},{"taxonomy":"post_tag","embeddable":true,"href":"https:\/\/espora13.com.br\/index.php\/wp-json\/wp\/v2\/tags?post=6507"}],"curies":[{"name":"wp","href":"https:\/\/api.w.org\/{rel}","templated":true}]}}