{"id":6664,"date":"2021-12-13T13:38:56","date_gmt":"2021-12-13T16:38:56","guid":{"rendered":"http:\/\/espora13.com.br\/?p=6664"},"modified":"2021-12-14T18:20:29","modified_gmt":"2021-12-14T21:20:29","slug":"fornecedora-alema-esta-de-volta-ao-galo-depois-de-mais-de-tres-decadas-atletico-acerta-com-adidas-como-nova-fornecedora-contrato-inicia-em-julho-de-2022-e-vai-ate-dezembro-de-2025","status":"publish","type":"post","link":"https:\/\/espora13.com.br\/index.php\/2021\/12\/13\/fornecedora-alema-esta-de-volta-ao-galo-depois-de-mais-de-tres-decadas-atletico-acerta-com-adidas-como-nova-fornecedora-contrato-inicia-em-julho-de-2022-e-vai-ate-dezembro-de-2025\/","title":{"rendered":"Fornecedora alem\u00e3 voltar\u00e1 ao Galo depois de mais de tr\u00eas d\u00e9cadas. Atl\u00e9tico acerta com Adidas como nova fornecedora, contrato  inicia em julho de 2022 e vai at\u00e9 dezembro de 2025"},"content":{"rendered":"<p>O Atl\u00e9tico acertou com a fornecedora Adidas. O clube anunciou o acordo nesta segunda-feira (13). Em julho, o Galo tinha renovado contrato com a Le Coq por mais um ano, terminando o contrato em julho de 2022. Assim a partir do segundo semestre do pr\u00f3ximo ano o clube j\u00e1 ter\u00e1 a Adidas como nova fornecedora que ter\u00e1 v\u00ednculo at\u00e9 dezembro de 2025.<\/p>\n<p>L\u00edder mundial em futebol, a adidas \u00e9 patrocinadora e fornecedora oficial dos mais importantes torneios do mundo, como a Copa do Mundo da FIFA\u2122, a Copa das Confedera\u00e7\u00f5es da FIFA, a Liga dos Campe\u00f5es da UEFA, UEFA Europa League e os Campeonatos Europeus da UEFA, al\u00e9m de alguns dos maiores clubes internacionais, como Real Madrid, Manchester United, Arsenal, FC Bayern de Munique e Juventus. A marca tamb\u00e9m patrocina alguns dos melhores jogadores, entre eles Leo Messi, Paul Pogba, Mohamed Salah, Paulo Dybala, Thiago Alc\u00e2ntara, Gabriel Jesus, Roberto Firmino, Jo\u00e3o Felix, Serge Gnabry, Isco, Dele Alli, Karim Benzema, Vivianne Miedema, Lindsey Horan e Wendie Renard.<\/p>\n<p>&nbsp;<\/p>\n<p>&nbsp;<\/p>\n<figure id=\"attachment_6667\" aria-describedby=\"caption-attachment-6667\" style=\"width: 575px\" class=\"wp-caption aligncenter\"><img loading=\"lazy\" class=\"size-full wp-image-6667\" src=\"https:\/\/espora13.com.br\/wp-content\/uploads\/2021\/12\/1983-atletico5-1.jpg\" alt=\"Espora 13 - Atl\u00e9tico - Galo - Atl\u00e9tico-MG - Fornecedora alem\u00e3 est\u00e1 de volta ao Galo depois de mais de tr\u00eas d\u00e9cadas. Atl\u00e9tico acerta com Adidas como nova fornecedora, contrato inicia em julho de 2022 e vai at\u00e9 dezembro de 2025\" width=\"575\" height=\"350\" srcset=\"https:\/\/espora13.com.br\/wp-content\/uploads\/2021\/12\/1983-atletico5-1.jpg 575w, https:\/\/espora13.com.br\/wp-content\/uploads\/2021\/12\/1983-atletico5-1-300x183.jpg 300w\" sizes=\"(max-width: 575px) 100vw, 575px\" \/><figcaption id=\"caption-attachment-6667\" class=\"wp-caption-text\">Atl\u00e9tico hexacampe\u00e3o mineiro em 1983: Jo\u00e3o Leite, Olivera, Nelinho, Luizinho, Heleno e Miranda, Catatau, Toninho, Reinaldo, Paulinho e \u00c9der. | Foto: Reprodu\u00e7\u00e3o<\/figcaption><\/figure>\n<p>Na d\u00e9cada de 80 a fornecedora alem\u00e3 era parceira do Atl\u00e9tico, fazendo camisas de times memor\u00e1veis do Galo, nos tempos de Reinaldo, \u00c9der Aleixo, Paulo Isidoro, Nelinho, S\u00e9rgio Ara\u00fajo, Jo\u00e3o Leite e outros grandes \u00eddolos que fizeram hist\u00f3ria no clube.<\/p>\n<div>&#8220;O acordo com a adidas refor\u00e7a nosso compromisso de associar a marca do Galo com l\u00edderes mundiais&#8221;, destaca S\u00e9rgio Coelho, presidente do Atl\u00e9tico. &#8220;A marca contribuir\u00e1 para que mais torcedores, em v\u00e1rios lugares do mundo, possam acessar os produtos do Atl\u00e9tico&#8221;.<\/div>\n<div><\/div>\n<div>\u201cEstamos muito honrados com o retorno das tr\u00eas listras ao uniforme atleticano. Acreditamos na for\u00e7a desta parceria e estamos ansiosos para mostrar ao torcedor nosso portf\u00f3lio de produtos\u201d, afirma a diretora s\u00eanior de marketing da adidas, Daniela Valsani.<\/div>\n<div><\/div>\n<div>O presidente do Atl\u00e9tico, S\u00e9rgio Coelho, comentou sobre o acerto.<\/div>\n<div><\/div>\n<div>&#8220;O acordo com a Adidas refor\u00e7a nosso compromisso de associar a marca do Galo com l\u00edderes mundiais.&#8221;<\/div>\n<div><\/div>\n<div>&#8220;A marca contribuir\u00e1 para que mais torcedores, em v\u00e1rios lugares do mundo, possam acessar os produtos do Atl\u00e9tico&#8221;.<\/div>\n<div><\/div>\n<div>Disse o mandat\u00e1rio alvinegro.<\/div>\n<div><\/div>\n<div>Com o t\u00edtulo do Campeonato Brasileiro,\u00a0 pr\u00f3ximo de conquistar a Copa do Brasil, clube com maior n\u00famero de s\u00f3cios torcedores ativos no Brasil, recordista de p\u00fablico no est\u00e1dio, a aproximando da inaugura\u00e7\u00e3o da Arena MRV, al\u00e9m do sucesso do Manto da Massa 1 e 2 que venderam mais de 100 mil camisas cada edi\u00e7\u00e3o. Tudo isso fez a marca do Clube Atl\u00e9tico Mineiro se valorizar ainda mais. Por tudo isso, foi entendido que era necess\u00e1rio busca uma parceria de maior remunera\u00e7\u00e3o para o clube. A marca alem\u00e3 das 3 listras est\u00e1 de volta ao Maior de Minas!<\/div>\n<div><\/div>\n<div><\/div>\n<div>\n<p><strong>Para mais informa\u00e7\u00f5es do Atl\u00e9tico, siga o Espora 13 nas redes sociais:<\/strong><\/p>\n<p><a href=\"https:\/\/twitter.com\/Espora13\">Clica e Siga no Twitter<\/a><\/p>\n<p><a href=\"https:\/\/www.facebook.com\/espora13oficial\">Clica e Siga no\u00a0Facebook<\/a><\/p>\n<p><a href=\"https:\/\/www.instagram.com\/espora13\/\">Clica e Siga no Instagram<\/a><\/p>\n<p><a href=\"https:\/\/www.twitch.tv\/espora13\">Clica e Siga na Twitch<\/a><\/p>\n<p><a href=\"https:\/\/open.spotify.com\/user\/5ljo01qd7to5rzprw8tpdkwg6?si=IJ9LRCfKTQGzLaiI_pSo4w\">Clica e Siga no Spotify<\/a><\/p>\n<p><a href=\"https:\/\/vm.tiktok.com\/ZMJWsH9ua\/\">Clica e Siga no Tik Tok<\/a><\/p>\n<p><a href=\"https:\/\/www.youtube.com\/tvespora13\">Inscreva-se no canal do youtube TV Espora 13<\/a><\/p>\n<p><strong>ESPORADA NELES GALOOOOOOOOOOOOOOOOOOOO!!!!<\/strong><\/p>\n<\/div>\n<p>&nbsp;<\/p>\n","protected":false},"excerpt":{"rendered":"<p>O Atl\u00e9tico acertou com a fornecedora Adidas. O clube anunciou o acordo nesta segunda-feira (13). Em julho, o Galo tinha<\/p>\n","protected":false},"author":8,"featured_media":6665,"comment_status":"open","ping_status":"open","sticky":false,"template":"","format":"standard","meta":[],"categories":[83],"tags":[126],"_links":{"self":[{"href":"https:\/\/espora13.com.br\/index.php\/wp-json\/wp\/v2\/posts\/6664"}],"collection":[{"href":"https:\/\/espora13.com.br\/index.php\/wp-json\/wp\/v2\/posts"}],"about":[{"href":"https:\/\/espora13.com.br\/index.php\/wp-json\/wp\/v2\/types\/post"}],"author":[{"embeddable":true,"href":"https:\/\/espora13.com.br\/index.php\/wp-json\/wp\/v2\/users\/8"}],"replies":[{"embeddable":true,"href":"https:\/\/espora13.com.br\/index.php\/wp-json\/wp\/v2\/comments?post=6664"}],"version-history":[{"count":6,"href":"https:\/\/espora13.com.br\/index.php\/wp-json\/wp\/v2\/posts\/6664\/revisions"}],"predecessor-version":[{"id":6689,"href":"https:\/\/espora13.com.br\/index.php\/wp-json\/wp\/v2\/posts\/6664\/revisions\/6689"}],"wp:featuredmedia":[{"embeddable":true,"href":"https:\/\/espora13.com.br\/index.php\/wp-json\/wp\/v2\/media\/6665"}],"wp:attachment":[{"href":"https:\/\/espora13.com.br\/index.php\/wp-json\/wp\/v2\/media?parent=6664"}],"wp:term":[{"taxonomy":"category","embeddable":true,"href":"https:\/\/espora13.com.br\/index.php\/wp-json\/wp\/v2\/categories?post=6664"},{"taxonomy":"post_tag","embeddable":true,"href":"https:\/\/espora13.com.br\/index.php\/wp-json\/wp\/v2\/tags?post=6664"}],"curies":[{"name":"wp","href":"https:\/\/api.w.org\/{rel}","templated":true}]}}