{"id":6719,"date":"2022-01-17T16:01:58","date_gmt":"2022-01-17T19:01:58","guid":{"rendered":"http:\/\/espora13.com.br\/?p=6719"},"modified":"2022-01-19T16:52:22","modified_gmt":"2022-01-19T19:52:22","slug":"atletico-se-reapresenta-com-novidades-na-cidade-do-galo-para-a-temporada-2022-el-turco-mohamed-tera-a-missao-de-comandar-a-equipe-apos-triplete-com-cuca","status":"publish","type":"post","link":"https:\/\/espora13.com.br\/index.php\/2022\/01\/17\/atletico-se-reapresenta-com-novidades-na-cidade-do-galo-para-a-temporada-2022-el-turco-mohamed-tera-a-missao-de-comandar-a-equipe-apos-triplete-com-cuca\/","title":{"rendered":"Atl\u00e9tico se reapresenta com novidades na Cidade do Galo para a temporada 2022. &#8216;El Turco&#8217; Mohamed ter\u00e1 a miss\u00e3o de comandar a equipe ap\u00f3s Triplete com Cuca"},"content":{"rendered":"<p>O Atl\u00e9tico se reapresentou nesta segunda-feira (17) na Cidade do Galo. O atual bicampe\u00e3o Brasileiro e da Copa do Brasil agora comandado pelo argentino &#8216;El Turco&#8217; Mohamed, que ter\u00e1 a miss\u00e3o de manter o alto n\u00edvel do time alvinegro.<\/p>\n<figure id=\"attachment_6721\" aria-describedby=\"caption-attachment-6721\" style=\"width: 613px\" class=\"wp-caption aligncenter\"><img loading=\"lazy\" class=\" wp-image-6721\" src=\"https:\/\/espora13.com.br\/wp-content\/uploads\/2022\/01\/FJUUuLjXIAQWJQv1.jpg\" alt=\"Espora 13 - Atl\u00e9tico - Galo - Atl\u00e9tico-MG - Atl\u00e9tico se reapresenta com novidades na Cidade do Galo para a temporada 2022. 'El Turco' Mohamed ter\u00e1 a miss\u00e3o de comandar a equipe ap\u00f3s Triplete com Cuca\" width=\"613\" height=\"443\" srcset=\"https:\/\/espora13.com.br\/wp-content\/uploads\/2022\/01\/FJUUuLjXIAQWJQv1.jpg 1200w, https:\/\/espora13.com.br\/wp-content\/uploads\/2022\/01\/FJUUuLjXIAQWJQv1-300x217.jpg 300w, https:\/\/espora13.com.br\/wp-content\/uploads\/2022\/01\/FJUUuLjXIAQWJQv1-1024x739.jpg 1024w, https:\/\/espora13.com.br\/wp-content\/uploads\/2022\/01\/FJUUuLjXIAQWJQv1-768x554.jpg 768w, https:\/\/espora13.com.br\/wp-content\/uploads\/2022\/01\/FJUUuLjXIAQWJQv1-326x235.jpg 326w\" sizes=\"(max-width: 613px) 100vw, 613px\" \/><figcaption id=\"caption-attachment-6721\" class=\"wp-caption-text\">Come\u00e7a hoje a pr\u00e9-temporada na Cidade do Galo, com acesso restrito a atletas e funcion\u00e1rios do clube. | Foto: Divulga\u00e7\u00e3o \/ Atl\u00e9tico<\/figcaption><\/figure>\n<p>Por isso, a palavra mais usada pela alta c\u00fapula alvinegra \u00e9 &#8220;continuidade&#8221;. Depois da equipe ter ganhado quase tudo na temporada passada com o t\u00e9cnico Cuca. Segundo o diretor de futebol Rodrigo Caetano, o perfil do argentino de gostar de um time ofensivo bem parecido com o perfil do Cuca, foi fundamental para fechar com o &#8216;El Turco&#8217;.<\/p>\n<p><strong>Cronograma e protocolo na pr\u00e9-temporada<\/strong><\/p>\n<p>Para tentar repetir o sucesso da temporada passada, o Galo aposta numa boa pr\u00e9-temporada na Cidade do Galo. Para isso o clube ter\u00e1 um cronograma especial para se preparar para a maratona de jogos em 2022.<\/p>\n<p>Devido a protocolos de preven\u00e7\u00e3o ao COVID-19, o Atl\u00e9tico anunciou medidas para o per\u00edodo de pr\u00e9-temporada na Cidade do Galo. Durante a pr\u00e9-temporada, os atletas n\u00e3o ser\u00e3o liberados para mat\u00e9rias especiais e entrevistas exclusivas. A partir de quarta-feira (19), um jogador por dia conceder\u00e1 entrevista coletiva no CT.\u00a0 Os primeiros dias de prepara\u00e7\u00e3o ser\u00e3o feitos os testes e avalia\u00e7\u00f5es f\u00edsicas dos atletas, al\u00e9m de atividades em campo, seguindo orienta\u00e7\u00f5es da comiss\u00e3o t\u00e9cnica de Mohamed. Devido ao crescimento do n\u00famero de casos de COVID-19, os jogadores ficar\u00e3o concentrados na Cidade do Galo durante a pr\u00e9-temporada, sendo liberados esporadicamente.<\/p>\n<figure id=\"attachment_6722\" aria-describedby=\"caption-attachment-6722\" style=\"width: 634px\" class=\"wp-caption aligncenter\"><img loading=\"lazy\" class=\" wp-image-6722\" src=\"https:\/\/espora13.com.br\/wp-content\/uploads\/2022\/01\/FJUWuXyWQAQmnmL.jpg\" alt=\"Espora 13 - Atl\u00e9tico - Galo - Atl\u00e9tico-MG - Atl\u00e9tico se reapresenta com novidades na Cidade do Galo para a temporada 2022. 'El Turco' Mohamed ter\u00e1 a miss\u00e3o de comandar a equipe ap\u00f3s Triplete com Cuca\" width=\"634\" height=\"494\" srcset=\"https:\/\/espora13.com.br\/wp-content\/uploads\/2022\/01\/FJUWuXyWQAQmnmL.jpg 1599w, https:\/\/espora13.com.br\/wp-content\/uploads\/2022\/01\/FJUWuXyWQAQmnmL-300x234.jpg 300w, https:\/\/espora13.com.br\/wp-content\/uploads\/2022\/01\/FJUWuXyWQAQmnmL-1024x799.jpg 1024w, https:\/\/espora13.com.br\/wp-content\/uploads\/2022\/01\/FJUWuXyWQAQmnmL-768x599.jpg 768w, https:\/\/espora13.com.br\/wp-content\/uploads\/2022\/01\/FJUWuXyWQAQmnmL-1536x1198.jpg 1536w\" sizes=\"(max-width: 634px) 100vw, 634px\" \/><figcaption id=\"caption-attachment-6722\" class=\"wp-caption-text\">Atl\u00e9tico far\u00e1 testes de Covid, regularmente na Cidade do Galo em 2022. | Foto: Divulga\u00e7\u00e3o \/ Atl\u00e9tico<\/figcaption><\/figure>\n<p>Em rela\u00e7\u00e3o ao acesso \u00e0 Cidade do Galo, o clube manter\u00e1 os protocolos adotados como foi nos \u00faltimos dois anos de pandemia. Apenas pessoas autorizadas e funcion\u00e1rios poder\u00e3o ter entrada liberada no melhor CT do Brasil.\u00a0 Atletas e colaboradores ser\u00e3o submetidos a testes de Covid ap\u00f3s a reapresenta\u00e7\u00e3o e com regularidade na Cidade do Galo.<\/p>\n<p><strong>Sa\u00eddas<\/strong><\/p>\n<p>Al\u00e9m do t\u00e9cnico Cuca que deixou o Atl\u00e9tico no final de 2021, o Galo tamb\u00e9m teve outras sa\u00eddas para a temporada de 2022. O Atl\u00e9tico negociou o zagueiro Junior Alonso com o Krasnodar, da R\u00fassia, por 8,2 milh\u00f5es de d\u00f3lares (R$ 45,42 milh\u00f5es na cota\u00e7\u00e3o atual). J\u00e1 o atacante Diego Costa, fez um acordo de rescis\u00e3o com o Atl\u00e9tico e deixou o clube sem pagamento de multa para nenhuma das partes. O meio-campo Allan Franco foi emprestado para o Charlotte FC, dos EUA, at\u00e9 o fim de 2022. O meia Hyoran \u00e9 mais um que deixou o Atl\u00e9tico, jogador foi emprestado ao Red Bull Bragantino. O mesmo aconteceu com o meia Nathan, que j\u00e1 foi anunciado como refor\u00e7o do Fluminense por um ano, com op\u00e7\u00e3o de compra.<\/p>\n<p><strong>Chegadas<\/strong><\/p>\n<p>Al\u00e9m do t\u00e9cnico Antonio &#8216;El Turco&#8217;\u00a0 Mohamed, o Atl\u00e9tico ter\u00e1 outras novidades nesta temporada.<\/p>\n<figure id=\"attachment_6724\" aria-describedby=\"caption-attachment-6724\" style=\"width: 723px\" class=\"wp-caption aligncenter\"><img loading=\"lazy\" class=\" wp-image-6724\" src=\"https:\/\/espora13.com.br\/wp-content\/uploads\/2022\/01\/FJUsXzeXwAEt_721.jpg\" alt=\"Espora 13 - Atl\u00e9tico - Galo - Atl\u00e9tico-MG - Atl\u00e9tico se reapresenta com novidades na Cidade do Galo para a temporada 2022. 'El Turco' Mohamed ter\u00e1 a miss\u00e3o de comandar a equipe ap\u00f3s Triplete com Cuca\" width=\"723\" height=\"606\" srcset=\"https:\/\/espora13.com.br\/wp-content\/uploads\/2022\/01\/FJUsXzeXwAEt_721.jpg 1105w, https:\/\/espora13.com.br\/wp-content\/uploads\/2022\/01\/FJUsXzeXwAEt_721-300x252.jpg 300w, https:\/\/espora13.com.br\/wp-content\/uploads\/2022\/01\/FJUsXzeXwAEt_721-1024x859.jpg 1024w, https:\/\/espora13.com.br\/wp-content\/uploads\/2022\/01\/FJUsXzeXwAEt_721-768x644.jpg 768w\" sizes=\"(max-width: 723px) 100vw, 723px\" \/><figcaption id=\"caption-attachment-6724\" class=\"wp-caption-text\">Na apresenta\u00e7\u00e3o na Cidade do Galo, o novo t\u00e9cnico do clube Antonio Mohamed reencontra o ex-goleiro Victor, her\u00f3i atleticano na classifica\u00e7\u00e3o contra o Tijuana na Libertadores de 2013. Time mexicano era comandado pelo treinador argentino. | Foto: Divulga\u00e7\u00e3o \/ Atl\u00e9tico<\/figcaption><\/figure>\n<p>Depois de negociar Junior Alonso, o Atl\u00e9tico foi at\u00e9 o mercado da bola e contratou o zagueiro uruguaio Diego God\u00edn, que rescindiu com o Cagliari da It\u00e1lia.\u00a0Outra novidade ser\u00e1 o atacante F\u00e1bio Gomes, que refor\u00e7ar\u00e1 o ataque alvinegro. O atacante estava emprestado ao New York Red Bulls dos EUA, e foi comprado do Oeste em acordo v\u00e1lido at\u00e9 dezembro de 2025. Outro nome j\u00e1 bem conhecido no futebol mineiro \u00e9 o atacante Ademir, que foi destaque do Am\u00e9rica no Campeonato Brasileiro 2021 e j\u00e1 tinha um pr\u00e9-contrato assinado com o Atl\u00e9tico desde o ano passado. No meio-campo, a diretoria firmou um pr\u00e9-contrato com o volante Ot\u00e1vio que estava no Bordeaux da Fran\u00e7a. Inicialmente a previs\u00e3o do jogador chegar no Atl\u00e9tico era no meio do ano, mas existe possibilidade de ele chegar antes no Galo, sendo liberado antecipadamente pelo time franc\u00eas.<\/p>\n<p><b>Temporada com maratona de jogos<\/b><\/p>\n<p>Na temporada passada o Atl\u00e9tico jogou 75 jogos, disputando Campeonato Mineiro, Copa Libertadores da Am\u00e9rica, Campeonato Brasileiro e a Copa do Brasil. De todas essas competi\u00e7\u00f5es o \u00fanico t\u00edtulo que o clube n\u00e3o foi campe\u00e3o, foi a Libertadores, sendo batido pelo Palmeiras na semifinal. Foi a melhor temporada da hist\u00f3ria do clube. At\u00e9 o \u00faltimo jogo da temporada 2021, com a conquista da Copa do Brasil, os jogadores do Atl\u00e9tico mostraram um grande vigor f\u00edsico, colocando o Athletico Paranaense na roda, com uma goleada no placar agregado por 6 a 1. E para manter esse poder f\u00edsico em 2022, o Atl\u00e9tico n\u00e3o quis abrir m\u00e3o do melhor preparador f\u00edsico do Brasil atualmente, o Cristiano Nunes que continua no Galo nessa temporada, esse foi uma das exig\u00eancias que o clube fez para o t\u00e9cnico Antonio Mohamed poder ser contratado, manter a comiss\u00e3o t\u00e9cnica fixa no clube. Com Cristiano Nunes o Atl\u00e9tico espera uma \u00f3tima pr\u00e9-temporada dos atletas para suportar bem a maratona de jogos, evitar les\u00f5es dos atletas e ter o mesmo sucesso que teve em 2021.<\/p>\n<p><strong>Estreia na temporada<\/strong><\/p>\n<p>O Atl\u00e9tico j\u00e1 comunicou que n\u00e3o utilizar\u00e1 a equipe principal nos primeiros jogos do Campeonato Mineiro, que iniciar\u00e1 ter\u00e7a-feira (25), mas o Galo estrear\u00e1 na quarta-feira (26) \u00e0s 19h contra o Villa Nova no Est\u00e1dio Castor Cifuentes em Nova Lima. Com isso os jovens jogadores da base deve ser aproveitados no in\u00edcio do estadual, dando mais tempo de prepara\u00e7\u00e3o para o time principal, al\u00e9m de garimpar jovens promessas para o time principal.<\/p>\n<p><a href=\"https:\/\/www.instagram.com\/espora13\/\">A partir desta sexta-feira (21) voltaremos com nossas lives do Espora 13, s\u00f3 que agora no nosso instagram \u00e0s 21h. N\u00e3o perca e siga a gente por l\u00e1 e nas demais redes sociais.<\/a><\/p>\n<p>A temporada 2022 j\u00e1 vai come\u00e7ar. Esporada neles Galooooooooo!!!<\/p>\n<p>&nbsp;<\/p>\n<p><strong>Para mais informa\u00e7\u00f5es do Atl\u00e9tico, siga o Espora 13 nas redes sociais:<\/strong><\/p>\n<p><a href=\"https:\/\/twitter.com\/Espora13\">Clica e Siga no Twitter<\/a><\/p>\n<p><a href=\"https:\/\/www.facebook.com\/espora13oficial\">Clica e Siga no\u00a0Facebook<\/a><\/p>\n<p><a href=\"https:\/\/www.instagram.com\/espora13\/\">Clica e Siga no Instagram<\/a><\/p>\n<p><a href=\"https:\/\/www.twitch.tv\/espora13\">Clica e Siga na Twitch<\/a><\/p>\n<p><a href=\"https:\/\/open.spotify.com\/user\/5ljo01qd7to5rzprw8tpdkwg6?si=IJ9LRCfKTQGzLaiI_pSo4w\">Clica e Siga no Spotify<\/a><\/p>\n<p><a href=\"https:\/\/vm.tiktok.com\/ZMJWsH9ua\/\">Clica e Siga no Tik Tok<\/a><\/p>\n<p><a href=\"https:\/\/www.youtube.com\/tvespora13\">Inscreva-se no canal do youtube TV Espora 13<\/a><\/p>\n<p><strong>ESPORADA NELES GALOOOOOOOOOOOOOOOOOOOO!!!!<\/strong><\/p>\n<p>&nbsp;<\/p>\n","protected":false},"excerpt":{"rendered":"<p>O Atl\u00e9tico se reapresentou nesta segunda-feira (17) na Cidade do Galo. O atual bicampe\u00e3o Brasileiro e da Copa do Brasil<\/p>\n","protected":false},"author":8,"featured_media":6720,"comment_status":"open","ping_status":"open","sticky":false,"template":"","format":"standard","meta":[],"categories":[83],"tags":[126],"_links":{"self":[{"href":"https:\/\/espora13.com.br\/index.php\/wp-json\/wp\/v2\/posts\/6719"}],"collection":[{"href":"https:\/\/espora13.com.br\/index.php\/wp-json\/wp\/v2\/posts"}],"about":[{"href":"https:\/\/espora13.com.br\/index.php\/wp-json\/wp\/v2\/types\/post"}],"author":[{"embeddable":true,"href":"https:\/\/espora13.com.br\/index.php\/wp-json\/wp\/v2\/users\/8"}],"replies":[{"embeddable":true,"href":"https:\/\/espora13.com.br\/index.php\/wp-json\/wp\/v2\/comments?post=6719"}],"version-history":[{"count":3,"href":"https:\/\/espora13.com.br\/index.php\/wp-json\/wp\/v2\/posts\/6719\/revisions"}],"predecessor-version":[{"id":6736,"href":"https:\/\/espora13.com.br\/index.php\/wp-json\/wp\/v2\/posts\/6719\/revisions\/6736"}],"wp:featuredmedia":[{"embeddable":true,"href":"https:\/\/espora13.com.br\/index.php\/wp-json\/wp\/v2\/media\/6720"}],"wp:attachment":[{"href":"https:\/\/espora13.com.br\/index.php\/wp-json\/wp\/v2\/media?parent=6719"}],"wp:term":[{"taxonomy":"category","embeddable":true,"href":"https:\/\/espora13.com.br\/index.php\/wp-json\/wp\/v2\/categories?post=6719"},{"taxonomy":"post_tag","embeddable":true,"href":"https:\/\/espora13.com.br\/index.php\/wp-json\/wp\/v2\/tags?post=6719"}],"curies":[{"name":"wp","href":"https:\/\/api.w.org\/{rel}","templated":true}]}}