{"id":6740,"date":"2022-01-26T13:19:45","date_gmt":"2022-01-26T16:19:45","guid":{"rendered":"http:\/\/espora13.com.br\/?p=6740"},"modified":"2022-01-29T12:05:19","modified_gmt":"2022-01-29T15:05:19","slug":"para-manter-a-hegemonia-atletico-estreia-no-campeonato-mineiro-contra-o-villa-nova-no-estadio-castor-cifuentes","status":"publish","type":"post","link":"https:\/\/espora13.com.br\/index.php\/2022\/01\/26\/para-manter-a-hegemonia-atletico-estreia-no-campeonato-mineiro-contra-o-villa-nova-no-estadio-castor-cifuentes\/","title":{"rendered":"Para manter a hegemonia! Atl\u00e9tico estreia no Campeonato Mineiro contra o Villa Nova no est\u00e1dio Castor Cifuentes"},"content":{"rendered":"<p>Chegou o grande dia! Depois de 42 dias longe dos gramados, ap\u00f3s conquistar o Campeonato Brasileiro e a Copa do Brasil no ano passado, o Atl\u00e9tico enfim est\u00e1 de volta para a temporada 2022. O Galo ir\u00e1 fazer seu primeiro jogo na temporada contra o Villa Nova nesta quarta-feira no est\u00e1dio Castor Cifuentes em Nova Lima, pela primeira rodada do Campeonato Mineiro. O alvinegro vai defender sua hegemonia de 46 t\u00edtulos estaduais, sendo o atual bicampe\u00e3o.<\/p>\n<figure id=\"attachment_6743\" aria-describedby=\"caption-attachment-6743\" style=\"width: 356px\" class=\"wp-caption aligncenter\"><img loading=\"lazy\" class=\" wp-image-6743\" src=\"https:\/\/espora13.com.br\/wp-content\/uploads\/2022\/01\/272610089_10159862505427552_3085054133224906942_n.jpg\" alt=\"Espora 13 - Atl\u00e9tico - Galo - Atl\u00e9tico-MG - Atacante Ademir - Para manter a hegemonia! Atl\u00e9tico estreia no Campeonato Mineiro contra o Villa Nova no est\u00e1dio Castor Cifuentes\" width=\"356\" height=\"445\" srcset=\"https:\/\/espora13.com.br\/wp-content\/uploads\/2022\/01\/272610089_10159862505427552_3085054133224906942_n.jpg 1024w, https:\/\/espora13.com.br\/wp-content\/uploads\/2022\/01\/272610089_10159862505427552_3085054133224906942_n-240x300.jpg 240w, https:\/\/espora13.com.br\/wp-content\/uploads\/2022\/01\/272610089_10159862505427552_3085054133224906942_n-819x1024.jpg 819w, https:\/\/espora13.com.br\/wp-content\/uploads\/2022\/01\/272610089_10159862505427552_3085054133224906942_n-768x960.jpg 768w\" sizes=\"(max-width: 356px) 100vw, 356px\" \/><figcaption id=\"caption-attachment-6743\" class=\"wp-caption-text\">Atacante Ademir foi apresentado pelo Atl\u00e9tico na \u00faltima segunda-feira (24). | Foto: Divulga\u00e7\u00e3o \/ Atl\u00e9tico<\/figcaption><\/figure>\n<p>O Galo ter\u00e1 v\u00e1rias novidades para essa temporada, a principal delas \u00e9 o t\u00e9cnico argentino Antonio &#8216;Turco&#8217; Mohamed, que tem a miss\u00e3o de manter o bom trabalho deixado pelo Cuca. J\u00e1 o elenco tamb\u00e9m ter\u00e1 algumas caras novas. Depois das sa\u00eddas de Nathan, Hyoran, Alan Franco, Junior Alonso e Diego Costa. O Atl\u00e9tico trouxe os jogadores Guilherme Castilho e Vitor Mendes que estavam emprestados ao Juventude e foram destaques do time ga\u00facho na S\u00e9rie A. O Galo tamb\u00e9m foi ao mercado e contratou o Ademir, que j\u00e1 tinha pr\u00e9-contrato assinado desde o ano passado. Ademir foi destaque do Am\u00e9rica no Campeonato Brasileiro. Al\u00e9m do atacante ex-coelho o Atl\u00e9tico tamb\u00e9m contratou o centroavante F\u00e1bio Gomes, que estava no New York Red Bulls da MLS. Mas o principal nome que o Galo buscou no mercado da bola, foi o zagueiro da Sele\u00e7\u00e3o Uruguaia Diego God\u00edn, o &#8216;El Fara\u00f3n&#8217; ex-Atl\u00e9tico de Madrid estava em baixa no futebol italiano e chega ao Galo mirando t\u00edtulos.<\/p>\n<figure id=\"attachment_6742\" aria-describedby=\"caption-attachment-6742\" style=\"width: 594px\" class=\"wp-caption aligncenter\"><img loading=\"lazy\" class=\" wp-image-6742\" src=\"https:\/\/espora13.com.br\/wp-content\/uploads\/2022\/01\/271982853_10159850963377552_4352252455625084857_n.jpg\" alt=\"Espora 13 - Atl\u00e9tico - Galo - Atl\u00e9tico-MG - Antonio &quot;El Turco&quot; Mohamed - Para manter a hegemonia! Atl\u00e9tico estreia no Campeonato Mineiro contra o Villa Nova no est\u00e1dio Castor Cifuentes\" width=\"594\" height=\"395\" srcset=\"https:\/\/espora13.com.br\/wp-content\/uploads\/2022\/01\/271982853_10159850963377552_4352252455625084857_n.jpg 1000w, https:\/\/espora13.com.br\/wp-content\/uploads\/2022\/01\/271982853_10159850963377552_4352252455625084857_n-300x200.jpg 300w, https:\/\/espora13.com.br\/wp-content\/uploads\/2022\/01\/271982853_10159850963377552_4352252455625084857_n-768x511.jpg 768w, https:\/\/espora13.com.br\/wp-content\/uploads\/2022\/01\/271982853_10159850963377552_4352252455625084857_n-177x118.jpg 177w, https:\/\/espora13.com.br\/wp-content\/uploads\/2022\/01\/271982853_10159850963377552_4352252455625084857_n-272x182.jpg 272w\" sizes=\"(max-width: 594px) 100vw, 594px\" \/><figcaption id=\"caption-attachment-6742\" class=\"wp-caption-text\">Foto: Divulga\u00e7\u00e3o \/ Atl\u00e9tico<\/figcaption><\/figure>\n<p>O Atl\u00e9tico iniciou a pr\u00e9-temporada no dia 17, e provavelmente ter\u00e1 um time alternativo no jogo contra o Villa Nova. &#8216;Turco&#8217; Mohamed n\u00e3o poder\u00e1 contar com Diego God\u00edn e Eduardo Vargas, ambos convocados por suas respectivas sele\u00e7\u00f5es para a disputa das Eliminat\u00f3rias da Copa do Mundo. Outra baixa no elenco alvinegro ser\u00e3o Allan, Savinho e Keno. Os tr\u00eas jogadores testaram positivo para Covid-19 e est\u00e3o cumprindo o per\u00edodo de isolamento. O zagueiro Micael foi o primeiro a testar positivo para covid no elenco, mas j\u00e1 cumpriu o per\u00edodo de afastamento e j\u00e1 foi reintegrado ao elenco na Cidade do Galo. &#8216;El Turco&#8217; deve manter os titulares fora nos primeiros jogos, abrindo espa\u00e7o para os garotos vindo da base, mas cravar a escala\u00e7\u00e3o do Atl\u00e9tico na estreia do Mineiro, \u00e9 um enigma. A expectativa \u00e9 que nomes como Vitor Mendes, Guilherme Castilho, Calebe, Neto, Echapor\u00e3, Ademir e F\u00e1bio Gomes, possam ganhar uma oportunidade para a primeira partida do Galo na temporada.<\/p>\n<figure id=\"attachment_6744\" aria-describedby=\"caption-attachment-6744\" style=\"width: 607px\" class=\"wp-caption aligncenter\"><img loading=\"lazy\" class=\" wp-image-6744\" src=\"https:\/\/espora13.com.br\/wp-content\/uploads\/2022\/01\/FI_HcfcX0BEc3m2-scaled.jpg\" alt=\"Espora 13 - Atl\u00e9tico - Galo - Atl\u00e9tico-MG - Para manter a hegemonia! Atl\u00e9tico estreia no Campeonato Mineiro contra o Villa Nova no est\u00e1dio Castor Cifuentes\" width=\"607\" height=\"341\" srcset=\"https:\/\/espora13.com.br\/wp-content\/uploads\/2022\/01\/FI_HcfcX0BEc3m2-scaled.jpg 2560w, https:\/\/espora13.com.br\/wp-content\/uploads\/2022\/01\/FI_HcfcX0BEc3m2-300x169.jpg 300w, https:\/\/espora13.com.br\/wp-content\/uploads\/2022\/01\/FI_HcfcX0BEc3m2-1024x576.jpg 1024w, https:\/\/espora13.com.br\/wp-content\/uploads\/2022\/01\/FI_HcfcX0BEc3m2-768x432.jpg 768w, https:\/\/espora13.com.br\/wp-content\/uploads\/2022\/01\/FI_HcfcX0BEc3m2-1536x864.jpg 1536w, https:\/\/espora13.com.br\/wp-content\/uploads\/2022\/01\/FI_HcfcX0BEc3m2-2048x1152.jpg 2048w\" sizes=\"(max-width: 607px) 100vw, 607px\" \/><figcaption id=\"caption-attachment-6744\" class=\"wp-caption-text\">Foto: Divulga\u00e7\u00e3o \/ Villa Nova<\/figcaption><\/figure>\n<p>J\u00e1 no time do Le\u00e3o do Bonfim do t\u00e9cnico Bruno Pivetti, que fez uma boa campanha no M\u00f3dulo II na temporada passada, ter\u00e1 algumas novidades. O Villa segue com o Glaycon no gol. As maiores novidades do Le\u00e3o s\u00e3o o zagueiro Kadu, ex-Chapecoense e Leandro Salino no meio-campo. Wesley e Alessandro Vin\u00edcius foram emprestados pelo Galo, e jogaram o estadual defendendo o time de Nova Lima. Jovens jogadores do sub-20 do Coimbra tamb\u00e9m refor\u00e7aram a equipe do Le\u00e3o nesse estadual.<\/p>\n<p>&nbsp;<\/p>\n<p><strong><u>FICHA T\u00c9CNICA<\/u><\/strong><\/p>\n<p><strong>VILLA NOVA x ATL\u00c9TICO<\/strong><\/p>\n<p><strong>\u200bEst\u00e1dio:<\/strong> Castor Cifuentes<\/p>\n<p><strong>Data<\/strong>: 26 de Janeiro, 2022<\/p>\n<p><strong>Hor\u00e1rio:<\/strong> 19h<\/p>\n<p><strong>Motivo:<\/strong> 1\u00b0 Rodada do Campeonato Mineiro<\/p>\n<p><strong>Transmiss\u00e3o:<\/strong> Canal Premiere (narra\u00e7\u00e3o: Luiz Carlos J\u00fanior, comentarista: F\u00e1bio J\u00fanior, comentarista de arbitragem: Janette Mara Arcanjo).<\/p>\n<p>&nbsp;<\/p>\n<p><strong><u>PROV\u00c1VEL ESCALA\u00c7\u00c3O<\/u><\/strong><\/p>\n<p><strong><u>VILLA NOVA:<\/u><\/strong><\/p>\n<p>Glaycon; Danilo Bel\u00e3o, Gabriel Furtado, Kadu e Lucas Hip\u00f3lito; Wesley Hudson, Leandro Salino, Renan Mota; Branquinho, Thiago Mosquito e Adriano Amorim<\/p>\n<p>T\u00e9cnico: Bruno Pivetti<\/p>\n<div class=\"mc-column content-text active-extra-styles \" data-block-type=\"unstyled\" data-block-weight=\"10\" data-block-id=\"17\">\n<p class=\"content-text__container \" data-track-category=\"Link no Texto\" data-track-links=\"\"><strong>Desfalque:<\/strong> Sem desfalques<\/p>\n<p data-track-category=\"Link no Texto\" data-track-links=\"\">\n<\/div>\n<div class=\"mc-column content-text active-extra-styles \" data-block-type=\"unstyled\" data-block-weight=\"46\" data-block-id=\"11\">\n<p><strong><u>ATL\u00c9TICO:<\/u><\/strong><\/p>\n<p>Rafael; Guga, Igor Rabello, Vitor Mendes e Dod\u00f4; Neto, Guilherme Castilho, Calebe e Dylan; Ademir (Echapor\u00e3) e F\u00e1bio Gomes (Luiz Filipe)<\/p>\n<\/div>\n<div class=\"mc-column content-text active-extra-styles \" data-block-type=\"unstyled\" data-block-weight=\"9\" data-block-id=\"26\">\n<p class=\"content-text__container \" data-track-category=\"Link no Texto\" data-track-links=\"\"><strong>Desfalques:<\/strong> Allan, Savinho e Keno (Covid-19), Diego God\u00edn (Sele\u00e7\u00e3o Uruguaia), Eduardo Vargas (Sele\u00e7\u00e3o Chilena).<\/p>\n<\/div>\n<div><\/div>\n<div><strong><u>ARBITRAGEM<\/u><\/strong><\/div>\n<div>\n<ul class=\"content-unordered-list\">\n<li><strong>\u00c1rbitro:\u00a0<\/strong>Felipe Fernandes de Lima<\/li>\n<li><strong>Assistentes:\u00a0<\/strong>Felipe Alan Costa de Oliveira e Marcyano da Silva Vicente<\/li>\n<li><strong>Quarto \u00e1rbitro:\u00a0<\/strong>Michel Patrick Costa Guimar\u00e3es<\/li>\n<\/ul>\n<\/div>\n<p>&nbsp;<\/p>\n<p><strong>Para mais informa\u00e7\u00f5es do Atl\u00e9tico, siga o Espora 13 nas redes sociais:<\/strong><\/p>\n<p><a href=\"https:\/\/twitter.com\/Espora13\">Clica e Siga no Twitter<\/a><\/p>\n<p><a href=\"https:\/\/www.facebook.com\/espora13oficial\">Clica e Siga no\u00a0Facebook<\/a><\/p>\n<p><a href=\"https:\/\/www.instagram.com\/espora13\/\">Clica e Siga no Instagram<\/a><\/p>\n<p><a href=\"https:\/\/www.twitch.tv\/espora13\">Clica e Siga na Twitch<\/a><\/p>\n<p><a href=\"https:\/\/open.spotify.com\/user\/5ljo01qd7to5rzprw8tpdkwg6?si=IJ9LRCfKTQGzLaiI_pSo4w\">Clica e Siga no Spotify<\/a><\/p>\n<p><a href=\"https:\/\/vm.tiktok.com\/ZMJWsH9ua\/\">Clica e Siga no Tik Tok<\/a><\/p>\n<p><a href=\"https:\/\/www.youtube.com\/tvespora13\">Inscreva-se no canal do youtube TV Espora 13<\/a><\/p>\n<p><strong>ESPORADA NELES GALOOOOOOOOOOOOOOOOOOOO!!!!<\/strong><\/p>\n<p>&nbsp;<\/p>\n","protected":false},"excerpt":{"rendered":"<p>Chegou o grande dia! Depois de 42 dias longe dos gramados, ap\u00f3s conquistar o Campeonato Brasileiro e a Copa do<\/p>\n","protected":false},"author":8,"featured_media":6741,"comment_status":"open","ping_status":"open","sticky":false,"template":"","format":"standard","meta":[],"categories":[73],"tags":[126],"_links":{"self":[{"href":"https:\/\/espora13.com.br\/index.php\/wp-json\/wp\/v2\/posts\/6740"}],"collection":[{"href":"https:\/\/espora13.com.br\/index.php\/wp-json\/wp\/v2\/posts"}],"about":[{"href":"https:\/\/espora13.com.br\/index.php\/wp-json\/wp\/v2\/types\/post"}],"author":[{"embeddable":true,"href":"https:\/\/espora13.com.br\/index.php\/wp-json\/wp\/v2\/users\/8"}],"replies":[{"embeddable":true,"href":"https:\/\/espora13.com.br\/index.php\/wp-json\/wp\/v2\/comments?post=6740"}],"version-history":[{"count":2,"href":"https:\/\/espora13.com.br\/index.php\/wp-json\/wp\/v2\/posts\/6740\/revisions"}],"predecessor-version":[{"id":6775,"href":"https:\/\/espora13.com.br\/index.php\/wp-json\/wp\/v2\/posts\/6740\/revisions\/6775"}],"wp:featuredmedia":[{"embeddable":true,"href":"https:\/\/espora13.com.br\/index.php\/wp-json\/wp\/v2\/media\/6741"}],"wp:attachment":[{"href":"https:\/\/espora13.com.br\/index.php\/wp-json\/wp\/v2\/media?parent=6740"}],"wp:term":[{"taxonomy":"category","embeddable":true,"href":"https:\/\/espora13.com.br\/index.php\/wp-json\/wp\/v2\/categories?post=6740"},{"taxonomy":"post_tag","embeddable":true,"href":"https:\/\/espora13.com.br\/index.php\/wp-json\/wp\/v2\/tags?post=6740"}],"curies":[{"name":"wp","href":"https:\/\/api.w.org\/{rel}","templated":true}]}}