{"id":693,"date":"2019-02-24T11:55:30","date_gmt":"2019-02-24T14:55:30","guid":{"rendered":"http:\/\/espora13.com.br\/?p=693"},"modified":"2019-02-24T12:03:53","modified_gmt":"2019-02-24T15:03:53","slug":"galo-volta-ao-campeonato-mineiro-para-manter-a-lideranca","status":"publish","type":"post","link":"https:\/\/espora13.com.br\/index.php\/2019\/02\/24\/galo-volta-ao-campeonato-mineiro-para-manter-a-lideranca\/","title":{"rendered":"Galo volta ao Campeonato Mineiro para manter a lideran\u00e7a"},"content":{"rendered":"<figure id=\"attachment_701\" aria-describedby=\"caption-attachment-701\" style=\"width: 960px\" class=\"wp-caption alignnone\"><img loading=\"lazy\" class=\"size-full wp-image-701\" src=\"https:\/\/espora13.com.br\/wp-content\/uploads\/2019\/02\/52451585_10157047353302552_2470879979420778496_n.jpg\" alt=\"\" width=\"960\" height=\"638\" srcset=\"https:\/\/espora13.com.br\/wp-content\/uploads\/2019\/02\/52451585_10157047353302552_2470879979420778496_n.jpg 960w, https:\/\/espora13.com.br\/wp-content\/uploads\/2019\/02\/52451585_10157047353302552_2470879979420778496_n-300x199.jpg 300w, https:\/\/espora13.com.br\/wp-content\/uploads\/2019\/02\/52451585_10157047353302552_2470879979420778496_n-768x510.jpg 768w, https:\/\/espora13.com.br\/wp-content\/uploads\/2019\/02\/52451585_10157047353302552_2470879979420778496_n-177x118.jpg 177w, https:\/\/espora13.com.br\/wp-content\/uploads\/2019\/02\/52451585_10157047353302552_2470879979420778496_n-272x182.jpg 272w\" sizes=\"(max-width: 960px) 100vw, 960px\" \/><figcaption id=\"caption-attachment-701\" class=\"wp-caption-text\">Foto: Atl\u00e9tico\/Bruno Cantini\/Pedro Souza<\/figcaption><\/figure>\n<p>Hoje tem Galo contra o Villa Nova no Independ\u00eancia, \u00e0s 17h (Bras\u00edlia). Jogo que servir\u00e1 para que, mais uma vez, o time alternativo alvinegro possa se firmar na lideran\u00e7a do Campeonato Mineiro. Pois, dos sete jogos at\u00e9 agora, cinco deles foram para testar os novos contratados para a temporada de 2019.<\/p>\n<p>O Atl\u00e9tico, dono do melhor ataque e da melhor defesa, enfrentar\u00e1 um time fragilizado e dono da pior performance em gols sofridos. Desde a primeira rodada, o Le\u00e3o sofreu 16 gols e amarga a 10\u00aa posi\u00e7\u00e3o na tabela, uma acima da zona do rebaixamento.<\/p>\n<p>A hist\u00f3ria mostra que muitas vezes tivemos dificuldades jogando contra o Le\u00e3o, principalmente atuando em seus dom\u00ednios, o Al\u00e7ap\u00e3o do Bonfim.<\/p>\n<p>O Campeonato Mineiro j\u00e1 viu grandes duelos entres os dois times centen\u00e1rios, por\u00e9m, desta vez, n\u00e3o deveremos ter grandes dificuldades.<\/p>\n<p>O Galo dever\u00e1 ir a campo com Victor; Guga, L\u00e9o Silva, Maidana e Carlos C\u00e9sar; Z\u00e9 Welison e Jair; Vin\u00edcius, Bolt, Terans e Alerrandro.<\/p>\n<p>A arbitragem se dar\u00e1 por Murillo Francisco Misson Jr., auxiliado por Celso Luiz da Silva e Filipe Ramos de Santana.<\/p>\n<p>Teremos mais uma oportunidade de ver Bolt e Guga correndo forte por uma briga entre os titulares. Maidana tamb\u00e9m vem de uma boa sequ\u00eancia, com partidas consistentes realizando \u00f3timas antecipa\u00e7\u00f5es e bons cabeceios.<\/p>\n<p>Segundo Levir, ainda h\u00e1 a possibilidade de duas ou tr\u00eas mudan\u00e7as devido ao fisiologismo do Atl\u00e9tico trabalhar para manter um elenco homog\u00eaneo no aspecto f\u00edsico.<\/p>\n<p>Aproveitem, amigos. Hoje ser\u00e1 mais um dos \u00faltimos jogos do nosso eterno L\u00e9o Silva. Pois, o \u00eddolo tem contrato at\u00e9 o fim do Mineiro e j\u00e1 est\u00e1 em acordo com a diretoria para exercer um cargo dentro do clube ap\u00f3s a aposentaria.<\/p>\n<p>Levem as crian\u00e7as!<\/p>\n<p>Esporada neeeles, Galoooo!!!<\/p>\n","protected":false},"excerpt":{"rendered":"<p>Hoje tem Galo contra o Villa Nova no Independ\u00eancia, \u00e0s 17h (Bras\u00edlia). Jogo que servir\u00e1 para que, mais uma vez,<\/p>\n","protected":false},"author":6,"featured_media":701,"comment_status":"open","ping_status":"open","sticky":false,"template":"","format":"standard","meta":[],"categories":[73],"tags":[76],"_links":{"self":[{"href":"https:\/\/espora13.com.br\/index.php\/wp-json\/wp\/v2\/posts\/693"}],"collection":[{"href":"https:\/\/espora13.com.br\/index.php\/wp-json\/wp\/v2\/posts"}],"about":[{"href":"https:\/\/espora13.com.br\/index.php\/wp-json\/wp\/v2\/types\/post"}],"author":[{"embeddable":true,"href":"https:\/\/espora13.com.br\/index.php\/wp-json\/wp\/v2\/users\/6"}],"replies":[{"embeddable":true,"href":"https:\/\/espora13.com.br\/index.php\/wp-json\/wp\/v2\/comments?post=693"}],"version-history":[{"count":6,"href":"https:\/\/espora13.com.br\/index.php\/wp-json\/wp\/v2\/posts\/693\/revisions"}],"predecessor-version":[{"id":703,"href":"https:\/\/espora13.com.br\/index.php\/wp-json\/wp\/v2\/posts\/693\/revisions\/703"}],"wp:featuredmedia":[{"embeddable":true,"href":"https:\/\/espora13.com.br\/index.php\/wp-json\/wp\/v2\/media\/701"}],"wp:attachment":[{"href":"https:\/\/espora13.com.br\/index.php\/wp-json\/wp\/v2\/media?parent=693"}],"wp:term":[{"taxonomy":"category","embeddable":true,"href":"https:\/\/espora13.com.br\/index.php\/wp-json\/wp\/v2\/categories?post=693"},{"taxonomy":"post_tag","embeddable":true,"href":"https:\/\/espora13.com.br\/index.php\/wp-json\/wp\/v2\/tags?post=693"}],"curies":[{"name":"wp","href":"https:\/\/api.w.org\/{rel}","templated":true}]}}