{"id":848,"date":"2019-03-24T19:37:45","date_gmt":"2019-03-24T22:37:45","guid":{"rendered":"http:\/\/espora13.com.br\/?p=848"},"modified":"2019-03-24T20:03:04","modified_gmt":"2019-03-24T23:03:04","slug":"rap-do-galo-111-anos-contra-o-vento","status":"publish","type":"post","link":"https:\/\/espora13.com.br\/index.php\/2019\/03\/24\/rap-do-galo-111-anos-contra-o-vento\/","title":{"rendered":"Rap do Galo 111 anos: &#8220;Contra o Vento&#8221;"},"content":{"rendered":"<p><em>\u00c9 o time da virada<br \/>\n\u00c9 o grito do povo alvinegro mineiro zoado<br \/>\nDo Gal\u00e3o da Massa que grita bem alto na arquibancada<br \/>\nNossa organizada lota os est\u00e1dios de Norte ao Sul<br \/>\nN\u00e3o importa onde for, n\u00f3s tocamos o terror<br \/>\nSe tem Galo, eu vou agitar, \u00e9 a nossa parada<br \/>\n\u00c9 o time da virada<br \/>\nDa favela, da rua de terra, do preto e do branco, patr\u00e3o, empregada,<br \/>\n\u00c9 o Gal\u00e3o da Massa<br \/>\nMeu pai me ensinou, eu n\u00e3o troco por nada<br \/>\n\u00c9 o time da virada<br \/>\nMesmo fora de casa<br \/>\nAt\u00e9 contra o vento<br \/>\nTorceremos por nada, por amor \u00e0 bandeira, por amor \u00e0 fam\u00edlia<br \/>\nGalo eu amo voc\u00ea, amo essa camisa<br \/>\n\u00c9 o time da virada<\/em><\/p>\n<p>Clube Atl\u00e9tico Mineiro<br \/>\nPela f\u00e9 e pelo grito da massa<br \/>\nEm qualquer lugar em que o cora\u00e7\u00e3o pulsa por n\u00f3s, jogaremos em casa<br \/>\nTime de multid\u00f5es, por amor \u00e0 camisa<br \/>\nEsp\u00edrito guerreiro, ficaremos sem voz, nosso grito n\u00e3o se economiza<br \/>\n\u00d4 Gal\u00e3o<br \/>\nCom a for\u00e7a do grito, 1% de chance, o est\u00e1dio lotado, gritando \u2018Eu acredito\u2019<br \/>\nGritando \u2018Eu acredito\u2019<br \/>\nCaiu no Horto, eles sabem, t\u00e1 morto<br \/>\nNosso time aumenta a frequ\u00eancia<br \/>\nApaga as luzes, nossa estrela brilha, nem o est\u00e1dio aguenta a pot\u00eancia<br \/>\nPor amor \u00e0 camisa, que pesem as l\u00e1grimas que molham o manto<br \/>\nEntra jogador, sai torcedor<br \/>\nUma hist\u00f3ria e tanto, nossa torcida apaixonada<br \/>\nAlvinegra nossa arquibancada, gritaremos por ti e n\u00e3o trocaremos por nada<\/p>\n<p>Cama para jogar, pode acreditar, vai dar gol<br \/>\n\u00c9 certo<br \/>\nTipo Reinaldo e Bernard, Marques e Dad\u00e1, ataque completo<br \/>\nDeixa a massa levar, feliz de cantar e s\u00f3 de estar perto<br \/>\nFaz qualquer jogo mudar, qualquer jogo mudar<br \/>\nChamam n\u00f3s de cachorro, \u00e9 porque n\u00f3s s\u00f3 enxerga preto e branco<br \/>\nA f\u00e9 no santo, n\u00f3s \u00e9 Galo em todo canto e veste o manto<br \/>\nMeu bonde unido \u00e9<br \/>\nRonaldinho driblando ningu\u00e9m segura<br \/>\nAtleticano batizado na loucura, \u00e9 Galo doido<\/p>\n<p>Nas batalhas sofridas, \u00e9 torcer contra o vento, louco<br \/>\nGrita maior de minas que treme o estado todo<br \/>\nN\u00f3s n\u00e3o somos sinistros, somos Galoucura<br \/>\n\u00c9 o gigante do Horto<br \/>\nO Galo \u00e9 doido<\/p>\n<p>Essa daqui serve como recado pro vento<br \/>\nEu acredito que as coisas mudam em poucos minutos<br \/>\nEu vi gente que n\u00e3o se falava h\u00e1 muito tempo<br \/>\nComemorando gol, voltando pra casa juntos<br \/>\n\u00c9 mais que futebol<br \/>\nReconstru\u00e7\u00e3o social<br \/>\nArquibancada preta e branca<br \/>\nTodo mundo igual<br \/>\nJogadores vem, jogadores v\u00e3o<br \/>\nMas eu permane\u00e7o firme<br \/>\nque retroceder destr\u00f3i identidade<br \/>\nAcumulo cicatrizes, meu corpo \u00e9 um museu<br \/>\nAs galerias deixam claro<br \/>\nQue o vento perdeu<br \/>\nAproveitando essa data de destaque<br \/>\nN\u00e3o destruam campos<br \/>\nSen\u00e3o, nas ruas, cada vez vai ter mais crack<br \/>\n2013, uma na\u00e7\u00e3o de joelhos pedindo liberdade<br \/>\nAo \u00fanico que tem a chave, ele ouviu, ela chegou<br \/>\nLibertador<br \/>\nEu estava l\u00e1, quando a bola bateu naquela trave<\/p>\n<p>Honrar a camisa \u00e9 o trampo<br \/>\nNo campo que meu olho brilha<br \/>\nMinha caneta nem chama Dad\u00e1<br \/>\nMas quando escreve \u00e9 uma maravilha<br \/>\nPreto no branco, nas quatro linhas<br \/>\nFa\u00e7am valer o ingresso do show<br \/>\nAqui n\u00e3o existe gol feio, crian\u00e7a<br \/>\nO feio \u00e9 n\u00e3o fazer gol<br \/>\nN\u00e3o vem de garfo, que \u00e9 dia de sopa<br \/>\nSe for de primeira, vai ser com o corte<br \/>\nDeixa que a gente escreve a hist\u00f3ria<br \/>\nIndepend\u00eancia \u00e9 morte<br \/>\nPensei no campo de terra, mas foi no gramado que a bola rolou<br \/>\nSe tem chance, eu acredito, tem que ser forte e vingador<br \/>\nSalve, Maluf, meu muito obrigado<br \/>\nEu assisti o est\u00e1dio de luto<br \/>\nVi que a vida \u00e9 buscar a virada num jogo dif\u00edcil, faltando um minuto<\/p>\n<p>Vou para o est\u00e1dio assistir, hoje o time vai jogar<br \/>\nPalmas v\u00e3o aplaudir e os gritos v\u00e3o empurrar<br \/>\nM\u00e1gica no futebol, eu vi poesia nos p\u00e9s de um bruxo<br \/>\nRabisca com a sua caneta e escreve na hist\u00f3ria, Ronaldo Ga\u00facho<br \/>\nTudo muda num segundo, ent\u00e3o aproveita sua chance<br \/>\nTipo Victor no penal, fazendo a defesa no \u00faltimo lance<\/p>\n<p>Sempre viajei na ideia do \u2018uma vez at\u00e9 morrer\u2019<br \/>\nLogo a vida que \u00e9 t\u00e3o inconstante, vol\u00favel e que muda o tempo todo<br \/>\nNela existe uma coisa que, de certa forma, permanece intacta<br \/>\nO Galo<br \/>\nNunca saiu da minha cabe\u00e7a o fato de que ningu\u00e9m se torna atleticano<br \/>\nSe nasce<br \/>\n\u00c9 um privil\u00e9gio sinistro carregar essa paix\u00e3o alvinegra no peito esquerdo desde menino<br \/>\nChega a ser inexplic\u00e1vel<br \/>\nUma vez at\u00e9 morrer<br \/>\nE, quando enfim chegar esse dia, quero meu caix\u00e3o pintado em preto e branco<br \/>\nA cor do meu cora\u00e7\u00e3o<br \/>\nPorque no fim eu sei que tudo passa<br \/>\nMas o Galo, o Galo n\u00e3o<br \/>\nO Galo \u00e9 para sempre<\/p>\n<p>&nbsp;<\/p>\n<figure id=\"attachment_850\" aria-describedby=\"caption-attachment-850\" style=\"width: 1900px\" class=\"wp-caption alignnone\"><img loading=\"lazy\" class=\"size-full wp-image-850\" src=\"https:\/\/espora13.com.br\/wp-content\/uploads\/2019\/03\/20190324164338516479e.jpg\" alt=\"\" width=\"1900\" height=\"1264\" srcset=\"https:\/\/espora13.com.br\/wp-content\/uploads\/2019\/03\/20190324164338516479e.jpg 1900w, https:\/\/espora13.com.br\/wp-content\/uploads\/2019\/03\/20190324164338516479e-300x200.jpg 300w, https:\/\/espora13.com.br\/wp-content\/uploads\/2019\/03\/20190324164338516479e-768x511.jpg 768w, https:\/\/espora13.com.br\/wp-content\/uploads\/2019\/03\/20190324164338516479e-1024x681.jpg 1024w, https:\/\/espora13.com.br\/wp-content\/uploads\/2019\/03\/20190324164338516479e-177x118.jpg 177w, https:\/\/espora13.com.br\/wp-content\/uploads\/2019\/03\/20190324164338516479e-272x182.jpg 272w\" sizes=\"(max-width: 1900px) 100vw, 1900px\" \/><figcaption id=\"caption-attachment-850\" class=\"wp-caption-text\">Foto: Alexandre Guzanshe\/EM\/D.A. Press<\/figcaption><\/figure>\n<p>M\u00fasica foi composta por Djonga, Chris, Hot, FBC, Thiago SKP, Vuks, Froid e Clara Lima. EazyCDA, Felipe Arco e Coyote Beatz foram os respons\u00e1veis pela produ\u00e7\u00e3o.<\/p>\n<p>A letra ainda n\u00e3o est\u00e1 completa e pode ter pequenas altera\u00e7\u00f5es nos pr\u00f3ximos dias, j\u00e1 que falta mais dois artistas. O Atl\u00e9tico planeja lan\u00e7ar a m\u00fasica completa em breve, em um v\u00eddeo clipe que ainda est\u00e1 em fase de produ\u00e7\u00e3o.<\/p>\n<p>Vem mais novidades por ai na semana do Galo!<\/p>\n<p>Parab\u00e9ns Galo!!! 111 anos honrando o nome de Minas no cen\u00e1rio esportivo Mundial!<\/p>\n<p>Inscreva-se no canal <a href=\"https:\/\/www.youtube.com\/TVEspora13\">TV Espora 13<\/a> e fiquem ligados que tem muita novidade na semana do Galo para a Massa Alvinegra!<\/p>\n<p>Esporada neles Galo!!!<\/p>\n<figure id=\"attachment_849\" aria-describedby=\"caption-attachment-849\" style=\"width: 960px\" class=\"wp-caption alignnone\"><img loading=\"lazy\" class=\"size-full wp-image-849\" src=\"https:\/\/espora13.com.br\/wp-content\/uploads\/2019\/03\/55554532_10157122540067552_6465677530136313857.jpg\" alt=\"\" width=\"960\" height=\"540\" srcset=\"https:\/\/espora13.com.br\/wp-content\/uploads\/2019\/03\/55554532_10157122540067552_6465677530136313857.jpg 960w, https:\/\/espora13.com.br\/wp-content\/uploads\/2019\/03\/55554532_10157122540067552_6465677530136313857-300x169.jpg 300w, https:\/\/espora13.com.br\/wp-content\/uploads\/2019\/03\/55554532_10157122540067552_6465677530136313857-768x432.jpg 768w\" sizes=\"(max-width: 960px) 100vw, 960px\" \/><figcaption id=\"caption-attachment-849\" class=\"wp-caption-text\">Foto\/Arte\/Edi\u00e7\u00e3o: Atl\u00e9tico<\/figcaption><\/figure>\n","protected":false},"excerpt":{"rendered":"<p>\u00c9 o time da virada \u00c9 o grito do povo alvinegro mineiro zoado Do Gal\u00e3o da Massa que grita bem<\/p>\n","protected":false},"author":8,"featured_media":849,"comment_status":"open","ping_status":"open","sticky":false,"template":"","format":"standard","meta":[],"categories":[22],"tags":[],"_links":{"self":[{"href":"https:\/\/espora13.com.br\/index.php\/wp-json\/wp\/v2\/posts\/848"}],"collection":[{"href":"https:\/\/espora13.com.br\/index.php\/wp-json\/wp\/v2\/posts"}],"about":[{"href":"https:\/\/espora13.com.br\/index.php\/wp-json\/wp\/v2\/types\/post"}],"author":[{"embeddable":true,"href":"https:\/\/espora13.com.br\/index.php\/wp-json\/wp\/v2\/users\/8"}],"replies":[{"embeddable":true,"href":"https:\/\/espora13.com.br\/index.php\/wp-json\/wp\/v2\/comments?post=848"}],"version-history":[{"count":4,"href":"https:\/\/espora13.com.br\/index.php\/wp-json\/wp\/v2\/posts\/848\/revisions"}],"predecessor-version":[{"id":854,"href":"https:\/\/espora13.com.br\/index.php\/wp-json\/wp\/v2\/posts\/848\/revisions\/854"}],"wp:featuredmedia":[{"embeddable":true,"href":"https:\/\/espora13.com.br\/index.php\/wp-json\/wp\/v2\/media\/849"}],"wp:attachment":[{"href":"https:\/\/espora13.com.br\/index.php\/wp-json\/wp\/v2\/media?parent=848"}],"wp:term":[{"taxonomy":"category","embeddable":true,"href":"https:\/\/espora13.com.br\/index.php\/wp-json\/wp\/v2\/categories?post=848"},{"taxonomy":"post_tag","embeddable":true,"href":"https:\/\/espora13.com.br\/index.php\/wp-json\/wp\/v2\/tags?post=848"}],"curies":[{"name":"wp","href":"https:\/\/api.w.org\/{rel}","templated":true}]}}