{"id":895,"date":"2019-04-02T18:00:02","date_gmt":"2019-04-02T21:00:02","guid":{"rendered":"http:\/\/espora13.com.br\/?p=895"},"modified":"2019-04-03T14:27:53","modified_gmt":"2019-04-03T17:27:53","slug":"galo-fa-anuncia-mais-renovacoes-e-continua-os-treinamentos-para-o-mineiro-2019","status":"publish","type":"post","link":"https:\/\/espora13.com.br\/index.php\/2019\/04\/02\/galo-fa-anuncia-mais-renovacoes-e-continua-os-treinamentos-para-o-mineiro-2019\/","title":{"rendered":"Galo FA anuncia mais renova\u00e7\u00f5es e continua os treinamentos para o Mineiro 2019"},"content":{"rendered":"<p><span style=\"font-size: 8pt;\">Foto: Pedro Souza\/Instagram Galo FA<\/span><\/p>\n<p>Salve, salve na\u00e7\u00e3o alvinegra!<\/p>\n<p>Mais renova\u00e7\u00f5es foram anunciadas pela diretoria do Galo FA na \u00faltima semana. A equipe que venceu todos os campeonatos disputados em 2018 ir\u00e1 continuar com algumas pe\u00e7as que fizeram a diferen\u00e7a no ano passado, e se manter\u00e3o fortes para vencer os torneios durante este ano.<\/p>\n<figure id=\"attachment_897\" aria-describedby=\"caption-attachment-897\" style=\"width: 300px\" class=\"wp-caption aligncenter\"><img loading=\"lazy\" class=\"wp-image-897 size-medium\" src=\"https:\/\/espora13.com.br\/wp-content\/uploads\/2019\/04\/54446944_2864500630228506_8658124552959798154_n-300x300.jpg\" alt=\"Foto: Instagram Galo FA\" width=\"300\" height=\"300\" srcset=\"https:\/\/espora13.com.br\/wp-content\/uploads\/2019\/04\/54446944_2864500630228506_8658124552959798154_n-300x300.jpg 300w, https:\/\/espora13.com.br\/wp-content\/uploads\/2019\/04\/54446944_2864500630228506_8658124552959798154_n-150x150.jpg 150w, https:\/\/espora13.com.br\/wp-content\/uploads\/2019\/04\/54446944_2864500630228506_8658124552959798154_n-768x768.jpg 768w, https:\/\/espora13.com.br\/wp-content\/uploads\/2019\/04\/54446944_2864500630228506_8658124552959798154_n.jpg 1024w\" sizes=\"(max-width: 300px) 100vw, 300px\" \/><figcaption id=\"caption-attachment-897\" class=\"wp-caption-text\">Foto: Instagram Galo FA<\/figcaption><\/figure>\n<p>A primeira renova\u00e7\u00e3o anunciada foi a do quarterback Maycon Dacaza. O atleta, que iniciou sua carreira no Minas Locomotiva com apenas 14 anos, mostrou talento e foi evoluindo ao longo dos anos at\u00e9 ter seu trabalho reconhecido na convoca\u00e7\u00e3o para a equipe sub-19 que disputou o mundial da IFAF (Federa\u00e7\u00e3o Internacional de Futebol Americano). Em 2016 foi eleito o MVP do Minas Bowl pelo Locomotiva. No mesmo ano, transferiu-se para o BH Eagles, atual Galo FA, e continuou mostrando seu trabalho o colocando como uma das grandes pe\u00e7as da equipe.<\/p>\n<figure id=\"attachment_898\" aria-describedby=\"caption-attachment-898\" style=\"width: 300px\" class=\"wp-caption aligncenter\"><img loading=\"lazy\" class=\"wp-image-898 size-medium\" src=\"https:\/\/espora13.com.br\/wp-content\/uploads\/2019\/04\/54277610_405310340252435_374603349021846477_n-300x300.jpg\" alt=\"Foto: Instagram Galo FA\" width=\"300\" height=\"300\" srcset=\"https:\/\/espora13.com.br\/wp-content\/uploads\/2019\/04\/54277610_405310340252435_374603349021846477_n-300x300.jpg 300w, https:\/\/espora13.com.br\/wp-content\/uploads\/2019\/04\/54277610_405310340252435_374603349021846477_n-150x150.jpg 150w, https:\/\/espora13.com.br\/wp-content\/uploads\/2019\/04\/54277610_405310340252435_374603349021846477_n-768x768.jpg 768w, https:\/\/espora13.com.br\/wp-content\/uploads\/2019\/04\/54277610_405310340252435_374603349021846477_n.jpg 1024w\" sizes=\"(max-width: 300px) 100vw, 300px\" \/><figcaption id=\"caption-attachment-898\" class=\"wp-caption-text\">Foto: Instagram Galo FA<\/figcaption><\/figure>\n<p>Outra a renovar foi o defensive tackle Louis Vin\u00edcius. Cria da base do Get Eagles, come\u00e7ou no Futebol Americano em 2015, se destacando e conquistando v\u00e1rios t\u00edtulos. Ele foi campe\u00e3o da Copa Am\u00e9rica de Futebol Americano no M\u00e9xico em 2016, campe\u00e3o da Liga Nacional do mesmo ano, Campe\u00e3o da Copa Minas e da BFA em 2017, campe\u00e3o do Campeonato Mineiro e da BFA em 2018.<\/p>\n<figure id=\"attachment_899\" aria-describedby=\"caption-attachment-899\" style=\"width: 300px\" class=\"wp-caption aligncenter\"><img loading=\"lazy\" class=\"wp-image-899 size-medium\" src=\"https:\/\/espora13.com.br\/wp-content\/uploads\/2019\/04\/54277337_322082698453491_2375571163132278040_n-300x300.jpg\" alt=\"Foto: Instagram Galo FA\" width=\"300\" height=\"300\" srcset=\"https:\/\/espora13.com.br\/wp-content\/uploads\/2019\/04\/54277337_322082698453491_2375571163132278040_n-300x300.jpg 300w, https:\/\/espora13.com.br\/wp-content\/uploads\/2019\/04\/54277337_322082698453491_2375571163132278040_n-150x150.jpg 150w, https:\/\/espora13.com.br\/wp-content\/uploads\/2019\/04\/54277337_322082698453491_2375571163132278040_n-768x768.jpg 768w, https:\/\/espora13.com.br\/wp-content\/uploads\/2019\/04\/54277337_322082698453491_2375571163132278040_n.jpg 1024w\" sizes=\"(max-width: 300px) 100vw, 300px\" \/><figcaption id=\"caption-attachment-899\" class=\"wp-caption-text\">Foto: Instagram Galo FA<\/figcaption><\/figure>\n<p>Tamb\u00e9m foi anunciada a renova\u00e7\u00e3o de outro defensive tackle do Galo, o atleta \u00cdtalo TK. Outro atleta que iniciou sua carreira no Minas Locomotiva, com apenas 13 anos. Tempos depois, se transferiu para o Get Eagles e ao lado de Louis conquistou os t\u00edtulos da Copa Am\u00e9rica no M\u00e9xico, Liga Nacional, Copa Minas, Campeonato Mineiro e o Bi-campeonato da BFA. TK foi o respons\u00e1vel pela intercepta\u00e7\u00e3o que definiu a vaga no Brasil Bowl do ano passado.<\/p>\n<figure id=\"attachment_900\" aria-describedby=\"caption-attachment-900\" style=\"width: 300px\" class=\"wp-caption aligncenter\"><img loading=\"lazy\" class=\"wp-image-900 size-medium\" src=\"https:\/\/espora13.com.br\/wp-content\/uploads\/2019\/04\/53181778_2379588278987581_5573386117149055319_n-300x300.jpg\" alt=\"Foto: Instagram Galo FA\" width=\"300\" height=\"300\" srcset=\"https:\/\/espora13.com.br\/wp-content\/uploads\/2019\/04\/53181778_2379588278987581_5573386117149055319_n-300x300.jpg 300w, https:\/\/espora13.com.br\/wp-content\/uploads\/2019\/04\/53181778_2379588278987581_5573386117149055319_n-150x150.jpg 150w, https:\/\/espora13.com.br\/wp-content\/uploads\/2019\/04\/53181778_2379588278987581_5573386117149055319_n-768x768.jpg 768w, https:\/\/espora13.com.br\/wp-content\/uploads\/2019\/04\/53181778_2379588278987581_5573386117149055319_n.jpg 1024w\" sizes=\"(max-width: 300px) 100vw, 300px\" \/><figcaption id=\"caption-attachment-900\" class=\"wp-caption-text\">Foto: Instagram Galo FA<\/figcaption><\/figure>\n<p>O \u00faltimo a ser anunciado foi outro defensor, o DL Rafael Machado. Mais uma cria da base do Get Eagles, Rafael come\u00e7ou no Futebol Americano em 2015, obtendo destaque nas categorias de base at\u00e9 ser oficialmente integrado no elenco principal. Pelo Galo, esteve em campo nas conquistas do Campeonato Mineiro e da BFA em 2018.<\/p>\n<p>Todos estes atletas est\u00e3o integrados ao elenco na prepara\u00e7\u00e3o do time para a estreia no Campeonato Mineiro 2019. Os treinos f\u00edsicos e t\u00e1ticos seguem a pleno vapor, com todos os atletas focados para o fim de semana dos dias 18 e 19 de maio, quando come\u00e7a a temporada do Galo FA.<\/p>\n<p>Quaisquer novidades sobre a equipe do Galo FA voc\u00ea confere aqui no Espora 13. Um efusivo abra\u00e7o e ESPORADA NELES GALO!!!<\/p>\n","protected":false},"excerpt":{"rendered":"<p>Foto: Pedro Souza\/Instagram Galo FA Salve, salve na\u00e7\u00e3o alvinegra! Mais renova\u00e7\u00f5es foram anunciadas pela diretoria do Galo FA na \u00faltima<\/p>\n","protected":false},"author":1,"featured_media":896,"comment_status":"open","ping_status":"open","sticky":false,"template":"","format":"standard","meta":[],"categories":[20],"tags":[],"_links":{"self":[{"href":"https:\/\/espora13.com.br\/index.php\/wp-json\/wp\/v2\/posts\/895"}],"collection":[{"href":"https:\/\/espora13.com.br\/index.php\/wp-json\/wp\/v2\/posts"}],"about":[{"href":"https:\/\/espora13.com.br\/index.php\/wp-json\/wp\/v2\/types\/post"}],"author":[{"embeddable":true,"href":"https:\/\/espora13.com.br\/index.php\/wp-json\/wp\/v2\/users\/1"}],"replies":[{"embeddable":true,"href":"https:\/\/espora13.com.br\/index.php\/wp-json\/wp\/v2\/comments?post=895"}],"version-history":[{"count":2,"href":"https:\/\/espora13.com.br\/index.php\/wp-json\/wp\/v2\/posts\/895\/revisions"}],"predecessor-version":[{"id":903,"href":"https:\/\/espora13.com.br\/index.php\/wp-json\/wp\/v2\/posts\/895\/revisions\/903"}],"wp:featuredmedia":[{"embeddable":true,"href":"https:\/\/espora13.com.br\/index.php\/wp-json\/wp\/v2\/media\/896"}],"wp:attachment":[{"href":"https:\/\/espora13.com.br\/index.php\/wp-json\/wp\/v2\/media?parent=895"}],"wp:term":[{"taxonomy":"category","embeddable":true,"href":"https:\/\/espora13.com.br\/index.php\/wp-json\/wp\/v2\/categories?post=895"},{"taxonomy":"post_tag","embeddable":true,"href":"https:\/\/espora13.com.br\/index.php\/wp-json\/wp\/v2\/tags?post=895"}],"curies":[{"name":"wp","href":"https:\/\/api.w.org\/{rel}","templated":true}]}}